{"id":7830,"date":"2018-03-13T07:50:18","date_gmt":"2018-03-13T06:50:18","guid":{"rendered":"https:\/\/lunos.sk\/public_html\/?p=7830"},"modified":"2024-12-06T13:17:58","modified_gmt":"2024-12-06T12:17:58","slug":"podtlakove-vetranie-spolu-s-krbom-je-to-mozne","status":"publish","type":"post","link":"https:\/\/lunos.sk\/public_html\/2018\/03\/13\/podtlakove-vetranie-spolu-s-krbom-je-to-mozne\/","title":{"rendered":"Podtlakov\u00e9 vetranie spolu s krbom \u2013 je to mo\u017en\u00e9?"},"content":{"rendered":"<div class=\"wpb-content-wrapper\"><p>[vc_row][vc_column]\t\t\t<div id=\"wd-6752eb390aaa3\" class=\"wd-text-block-wrapper wd-wpb wd-rs-6752eb390aaa3 color-scheme- wd-width-100 text-left \">\n\t\t\t\t<div class=\"woodmart-title-container woodmart-text-block reset-last-child font-primary wd-font-weight- \">\n\t\t\t\t\t<\/p>\n<h2>Vo v\u0161eobecnosti podtlakov\u00e9 vetranie odv\u00e1dza vzduch z bytu alebo domu smerom von.<\/h2>\n<p>Podtlakov\u00e9 vetranie v porovnan\u00ed so syst\u00e9mami sp\u00e4tn\u00e9ho z\u00edskavania tepla odv\u00e1dza o nie\u010do viac vzduchu. Pri ka\u017edom vetran\u00ed, nielen pri podtlakovom, vznikaj\u00fa vo vn\u00fatornom prostred\u00ed drobn\u00e9 podtlaky pr\u00edpadne pretlaky.<\/p>\n<h3>Spr\u00e1vne preveden\u00e9 podtlakov\u00e9 vetranie je tak\u00e9, pri ktorom nie s\u00fa tieto podtlaky cite\u013en\u00e9 a nemaj\u00fa negat\u00edvny vplyv na prev\u00e1dzku\u00a0 budovy.<\/h3>\n<p>Z bezpe\u010dnostn\u00fdch d\u00f4vodov je nevyhnutn\u00e9 v niektor\u00fdch pr\u00edpadoch nain\u0161talova\u0165 napr. tzv. (pod-) tlakov\u00e9 sp\u00edna\u010de. Tieto zariadenia sa staraj\u00fa o to, aby neboli prekro\u010den\u00e9 maxim\u00e1lne hrani\u010dn\u00e9 hodnoty podtlaku v budove (naj\u010dastej\u0161ie 4 alebo 8\u00a0Pa). T\u00fdm m\u00e1 by\u0165 zabr\u00e1nen\u00e9 vzniku nebezpe\u010dn\u00fdch situ\u00e1ci\u00ed, napr. sp\u00e4tn\u00fd tok spal\u00edn z kom\u00ednov. Podrobnej\u0161ie inform\u00e1cie n\u00e1jdete v dokumente\u00a0<a href=\"https:\/\/zdroj.lunos.sk\/Vseobecne\/Krby_a_vetranie.pdf\" rel=\"attachment wp-att-271\">Vetranie a krby<\/a><\/p>\n<p>Pri pr\u00edli\u0161 ve\u013ek\u00fdch podtlakoch tieto automaticky vypn\u00fa nain\u0161talovan\u00e9 podtlakov\u00e9 vetranie.<\/p>\n<p>Bli\u017e\u0161ie inform\u00e1cie o potrebe tlakov\u00fdch sp\u00edna\u010dov alebo in\u00fdch bezpe\u010dnostn\u00fdch opatren\u00ed z\u00edskate u v\u00e1\u0161ho projektanta, v\u00e1\u0161ho komin\u00e1ra alebo rev\u00edzneho technika.<\/p>\n<p>Podtlakov\u00e9 vetranie pre bytov\u00e9 priestory sa in\u0161taluje naj\u010dastej\u0161ie ako vetrac\u00ed syst\u00e9m vyvolan\u00fd potrebou pod\u013ea STN EN 15251 a sl\u00fa\u017ei v\u00fdlu\u010dne pre odvod vlhkosti a pr\u00edvod \u010derstv\u00e9ho vzduchu pre u\u017e\u00edvate\u013eov bytu alebo domu. N\u00e1vrh vetrania pritom zoh\u013ead\u0148uje splnenie minim\u00e1lnych po\u017eiadaviek Vyhl\u00e1\u0161ky Ministerstva zdravotn\u00edctva SR \u010d.\u00a0<a href=\"http:\/\/www.zakonypreludi.sk\/zz\/2008-259\" target=\"_blank\" rel=\"noopener noreferrer\">259\/2008 Z.z o podrobnostiach o po\u017eiadavk\u00e1ch na vn\u00fatorn\u00e9 prostredie budov a o minim\u00e1lnych po\u017eiadavk\u00e1ch na byty ni\u017e\u0161ieho \u0161tandardu a na ubytovacie zariadenia<\/a><\/p>\n<h2>Pr\u00edvod vzduchu pre horenie nie je s\u00fa\u010das\u0165ou vetracieho syst\u00e9mu<\/h2>\n<p>Pokia\u013e sa zapne plynov\u00fd kotol alebo kotol na biomasu a s\u00fa\u010dasne be\u017e\u00ed aj vetrac\u00ed syst\u00e9m, nemal by sa za norm\u00e1lnych podmienok aktivova\u0165 tlakov\u00fd sp\u00edna\u010d. U\u017e aj z toho d\u00f4vodu, \u017ee tento by nemal by\u0165 umiestnen\u00fd v priestoroch s pl\u00e1novan\u00fdm vetran\u00edm.<\/p>\n<p>Ak sa tak stane, znamen\u00e1 to, \u017ee v budove je pr\u00edli\u0161 ve\u013ek\u00fd podtlak a nie\u010do nie je v poriadku.<\/p>\n<p>V tak\u00fdchto pr\u00edpadoch je potrebn\u00e9 otvori\u0165 okno, pre proces horenia zabezpe\u010di\u0165\u00a0dostatok vzduchu alebo jednoducho zabezpe\u010di\u0165 v\u00e4\u010d\u0161\u00ed pr\u00edvod vzduchu.<\/p>\n<p>Aj okenn\u00fd sp\u00ednac\u00ed kontakt m\u00f4\u017ee by\u0165 vhodn\u00fdm bezpe\u010dnostn\u00fdm syst\u00e9mom.<\/p>\n<h2>Odpove\u010f teda znie:\u00a0<strong>\u00c1no, podtlakov\u00fd vetrac\u00ed syst\u00e9m je mo\u017en\u00e9 pou\u017ei\u0165 s krbom.<\/strong><\/h2>\n<h2>T\u00fato skuto\u010dnos\u0165 zoh\u013ead\u0148ujeme pri technickom n\u00e1vrhu vetracieho syst\u00e9mu<\/h2>\n<p>Bli\u017e\u0161ie inform\u00e1cie pre n\u00e1vrh podtlakov\u00e9ho vetrania s krbom n\u00e1jdete\u00a0<a href=\"https:\/\/zdroj.lunos.sk\/Vseobecne\/Info_tlakove_spinace.pdf\">v tomto dokumente<\/a>\u00a0a\u00a0<a href=\"https:\/\/zdroj.lunos.sk\/Vseobecne\/Krby_a_vetranie.pdf\">v tejto tabu\u013eke<\/a>\t\t\t\t<\/div>\n\n\t\t\t\t\t\t\t<\/div>\n\t\t[\/vc_column][\/vc_row]<\/p>\n<\/div>","protected":false},"excerpt":{"rendered":"<p>[vc_row][vc_column][\/vc_column][\/vc_row]<\/p>\n","protected":false},"author":1,"featured_media":7831,"comment_status":"closed","ping_status":"closed","sticky":false,"template":"","format":"standard","meta":{"_jetpack_memberships_contains_paid_content":false,"footnotes":""},"categories":[77,75,81,82],"tags":[83,84,85,86],"class_list":["post-7830","post","type-post","status-publish","format-standard","has-post-thumbnail","hentry","category-nevetrane-priestory","category-novinky","category-orosene-okna","category-plesne-v-byte","tag-lunos","tag-podlak","tag-rekuperacia","tag-vetranie"],"yoast_head":"<!-- This site is optimized with the Yoast SEO plugin v27.5 - https:\/\/yoast.com\/product\/yoast-seo-wordpress\/ -->\n<title>Podtlakov\u00e9 vetranie spolu s krbom \u2013 je to mo\u017en\u00e9? - Lunos Slovensko<\/title>\n<meta name=\"robots\" content=\"index, follow, max-snippet:-1, max-image-preview:large, max-video-preview:-1\" \/>\n<link rel=\"canonical\" href=\"https:\/\/lunos.sk\/public_html\/2018\/03\/13\/podtlakove-vetranie-spolu-s-krbom-je-to-mozne\/\" \/>\n<meta property=\"og:locale\" content=\"sk_SK\" \/>\n<meta property=\"og:type\" content=\"article\" \/>\n<meta property=\"og:title\" content=\"Podtlakov\u00e9 vetranie spolu s krbom \u2013 je to mo\u017en\u00e9? - Lunos Slovensko\" \/>\n<meta property=\"og:description\" content=\"[vc_row][vc_column][\/vc_column][\/vc_row]\" \/>\n<meta property=\"og:url\" content=\"https:\/\/lunos.sk\/public_html\/2018\/03\/13\/podtlakove-vetranie-spolu-s-krbom-je-to-mozne\/\" \/>\n<meta property=\"og:site_name\" content=\"Lunos Slovensko\" \/>\n<meta property=\"article:publisher\" content=\"https:\/\/www.facebook.com\/lunosslovensko\" \/>\n<meta property=\"article:published_time\" content=\"2018-03-13T06:50:18+00:00\" \/>\n<meta property=\"article:modified_time\" content=\"2024-12-06T12:17:58+00:00\" \/>\n<meta property=\"og:image\" content=\"https:\/\/lunos.sk\/public_html\/wp-content\/uploads\/2021\/09\/ALD-Wohnraum-I-768x1024-1.jpg\" \/>\n\t<meta property=\"og:image:width\" content=\"768\" \/>\n\t<meta property=\"og:image:height\" content=\"1024\" \/>\n\t<meta property=\"og:image:type\" content=\"image\/jpeg\" \/>\n<meta name=\"author\" content=\"lunos\" \/>\n<meta name=\"twitter:card\" content=\"summary_large_image\" \/>\n<meta name=\"twitter:creator\" content=\"@lunos_slovensko\" \/>\n<meta name=\"twitter:site\" content=\"@lunos_slovensko\" \/>\n<meta name=\"twitter:label1\" content=\"Autor\" \/>\n\t<meta name=\"twitter:data1\" content=\"lunos\" \/>\n\t<meta name=\"twitter:label2\" content=\"Predpokladan\u00fd \u010das \u010d\u00edtania\" \/>\n\t<meta name=\"twitter:data2\" content=\"3 min\u00faty\" \/>\n<script type=\"application\/ld+json\" class=\"yoast-schema-graph\">{\"@context\":\"https:\\\/\\\/schema.org\",\"@graph\":[{\"@type\":\"Article\",\"@id\":\"https:\\\/\\\/lunos.sk\\\/public_html\\\/2018\\\/03\\\/13\\\/podtlakove-vetranie-spolu-s-krbom-je-to-mozne\\\/#article\",\"isPartOf\":{\"@id\":\"https:\\\/\\\/lunos.sk\\\/public_html\\\/2018\\\/03\\\/13\\\/podtlakove-vetranie-spolu-s-krbom-je-to-mozne\\\/\"},\"author\":{\"name\":\"lunos\",\"@id\":\"https:\\\/\\\/lunos.sk\\\/public_html\\\/#\\\/schema\\\/person\\\/78cf8132fac219ceee1d9cd161b064d5\"},\"headline\":\"Podtlakov\u00e9 vetranie spolu s krbom \u2013 je to mo\u017en\u00e9?\",\"datePublished\":\"2018-03-13T06:50:18+00:00\",\"dateModified\":\"2024-12-06T12:17:58+00:00\",\"mainEntityOfPage\":{\"@id\":\"https:\\\/\\\/lunos.sk\\\/public_html\\\/2018\\\/03\\\/13\\\/podtlakove-vetranie-spolu-s-krbom-je-to-mozne\\\/\"},\"wordCount\":563,\"publisher\":{\"@id\":\"https:\\\/\\\/lunos.sk\\\/public_html\\\/#organization\"},\"image\":{\"@id\":\"https:\\\/\\\/lunos.sk\\\/public_html\\\/2018\\\/03\\\/13\\\/podtlakove-vetranie-spolu-s-krbom-je-to-mozne\\\/#primaryimage\"},\"thumbnailUrl\":\"https:\\\/\\\/lunos.sk\\\/public_html\\\/wp-content\\\/uploads\\\/2021\\\/09\\\/ALD-Wohnraum-I-768x1024-1.jpg\",\"keywords\":[\"Lunos\",\"Podlak\",\"Rekuper\u00e1cia\",\"Vetranie\"],\"articleSection\":[\"Nevetran\u00e9 priestory\",\"Novinky\",\"Orosen\u00e9 okn\u00e1\",\"Plesne v byte\"],\"inLanguage\":\"sk-SK\"},{\"@type\":\"WebPage\",\"@id\":\"https:\\\/\\\/lunos.sk\\\/public_html\\\/2018\\\/03\\\/13\\\/podtlakove-vetranie-spolu-s-krbom-je-to-mozne\\\/\",\"url\":\"https:\\\/\\\/lunos.sk\\\/public_html\\\/2018\\\/03\\\/13\\\/podtlakove-vetranie-spolu-s-krbom-je-to-mozne\\\/\",\"name\":\"Podtlakov\u00e9 vetranie spolu s krbom \u2013 je to mo\u017en\u00e9? - Lunos Slovensko\",\"isPartOf\":{\"@id\":\"https:\\\/\\\/lunos.sk\\\/public_html\\\/#website\"},\"primaryImageOfPage\":{\"@id\":\"https:\\\/\\\/lunos.sk\\\/public_html\\\/2018\\\/03\\\/13\\\/podtlakove-vetranie-spolu-s-krbom-je-to-mozne\\\/#primaryimage\"},\"image\":{\"@id\":\"https:\\\/\\\/lunos.sk\\\/public_html\\\/2018\\\/03\\\/13\\\/podtlakove-vetranie-spolu-s-krbom-je-to-mozne\\\/#primaryimage\"},\"thumbnailUrl\":\"https:\\\/\\\/lunos.sk\\\/public_html\\\/wp-content\\\/uploads\\\/2021\\\/09\\\/ALD-Wohnraum-I-768x1024-1.jpg\",\"datePublished\":\"2018-03-13T06:50:18+00:00\",\"dateModified\":\"2024-12-06T12:17:58+00:00\",\"breadcrumb\":{\"@id\":\"https:\\\/\\\/lunos.sk\\\/public_html\\\/2018\\\/03\\\/13\\\/podtlakove-vetranie-spolu-s-krbom-je-to-mozne\\\/#breadcrumb\"},\"inLanguage\":\"sk-SK\",\"potentialAction\":[{\"@type\":\"ReadAction\",\"target\":[\"https:\\\/\\\/lunos.sk\\\/public_html\\\/2018\\\/03\\\/13\\\/podtlakove-vetranie-spolu-s-krbom-je-to-mozne\\\/\"]}]},{\"@type\":\"ImageObject\",\"inLanguage\":\"sk-SK\",\"@id\":\"https:\\\/\\\/lunos.sk\\\/public_html\\\/2018\\\/03\\\/13\\\/podtlakove-vetranie-spolu-s-krbom-je-to-mozne\\\/#primaryimage\",\"url\":\"https:\\\/\\\/lunos.sk\\\/public_html\\\/wp-content\\\/uploads\\\/2021\\\/09\\\/ALD-Wohnraum-I-768x1024-1.jpg\",\"contentUrl\":\"https:\\\/\\\/lunos.sk\\\/public_html\\\/wp-content\\\/uploads\\\/2021\\\/09\\\/ALD-Wohnraum-I-768x1024-1.jpg\",\"width\":768,\"height\":1024},{\"@type\":\"BreadcrumbList\",\"@id\":\"https:\\\/\\\/lunos.sk\\\/public_html\\\/2018\\\/03\\\/13\\\/podtlakove-vetranie-spolu-s-krbom-je-to-mozne\\\/#breadcrumb\",\"itemListElement\":[{\"@type\":\"ListItem\",\"position\":1,\"name\":\"Home\",\"item\":\"https:\\\/\\\/lunos.sk\\\/public_html\\\/\"},{\"@type\":\"ListItem\",\"position\":2,\"name\":\"Podtlakov\u00e9 vetranie spolu s krbom \u2013 je to mo\u017en\u00e9?\"}]},{\"@type\":\"WebSite\",\"@id\":\"https:\\\/\\\/lunos.sk\\\/public_html\\\/#website\",\"url\":\"https:\\\/\\\/lunos.sk\\\/public_html\\\/\",\"name\":\"Lunos Slovensko\",\"description\":\"\",\"publisher\":{\"@id\":\"https:\\\/\\\/lunos.sk\\\/public_html\\\/#organization\"},\"potentialAction\":[{\"@type\":\"SearchAction\",\"target\":{\"@type\":\"EntryPoint\",\"urlTemplate\":\"https:\\\/\\\/lunos.sk\\\/public_html\\\/?s={search_term_string}\"},\"query-input\":{\"@type\":\"PropertyValueSpecification\",\"valueRequired\":true,\"valueName\":\"search_term_string\"}}],\"inLanguage\":\"sk-SK\"},{\"@type\":\"Organization\",\"@id\":\"https:\\\/\\\/lunos.sk\\\/public_html\\\/#organization\",\"name\":\"Lunos\",\"url\":\"https:\\\/\\\/lunos.sk\\\/public_html\\\/\",\"logo\":{\"@type\":\"ImageObject\",\"inLanguage\":\"sk-SK\",\"@id\":\"https:\\\/\\\/lunos.sk\\\/public_html\\\/#\\\/schema\\\/logo\\\/image\\\/\",\"url\":\"https:\\\/\\\/lunos.sk\\\/public_html\\\/wp-content\\\/uploads\\\/2021\\\/07\\\/logo-lunos.png\",\"contentUrl\":\"https:\\\/\\\/lunos.sk\\\/public_html\\\/wp-content\\\/uploads\\\/2021\\\/07\\\/logo-lunos.png\",\"width\":200,\"height\":101,\"caption\":\"Lunos\"},\"image\":{\"@id\":\"https:\\\/\\\/lunos.sk\\\/public_html\\\/#\\\/schema\\\/logo\\\/image\\\/\"},\"sameAs\":[\"https:\\\/\\\/www.facebook.com\\\/lunosslovensko\",\"https:\\\/\\\/x.com\\\/lunos_slovensko\"]},{\"@type\":\"Person\",\"@id\":\"https:\\\/\\\/lunos.sk\\\/public_html\\\/#\\\/schema\\\/person\\\/78cf8132fac219ceee1d9cd161b064d5\",\"name\":\"lunos\",\"image\":{\"@type\":\"ImageObject\",\"inLanguage\":\"sk-SK\",\"@id\":\"https:\\\/\\\/secure.gravatar.com\\\/avatar\\\/3d27e2d8c0cba7e4815002925261ba482b74b0c62e73d4e697869dea6c35de44?s=96&d=mm&r=g\",\"url\":\"https:\\\/\\\/secure.gravatar.com\\\/avatar\\\/3d27e2d8c0cba7e4815002925261ba482b74b0c62e73d4e697869dea6c35de44?s=96&d=mm&r=g\",\"contentUrl\":\"https:\\\/\\\/secure.gravatar.com\\\/avatar\\\/3d27e2d8c0cba7e4815002925261ba482b74b0c62e73d4e697869dea6c35de44?s=96&d=mm&r=g\",\"caption\":\"lunos\"},\"sameAs\":[\"https:\\\/\\\/lunos.sk\\\/public_html\"],\"url\":\"https:\\\/\\\/lunos.sk\\\/public_html\\\/author\\\/lunos\\\/\"}]}<\/script>\n<!-- \/ Yoast SEO plugin. -->","yoast_head_json":{"title":"Podtlakov\u00e9 vetranie spolu s krbom \u2013 je to mo\u017en\u00e9? - Lunos Slovensko","robots":{"index":"index","follow":"follow","max-snippet":"max-snippet:-1","max-image-preview":"max-image-preview:large","max-video-preview":"max-video-preview:-1"},"canonical":"https:\/\/lunos.sk\/public_html\/2018\/03\/13\/podtlakove-vetranie-spolu-s-krbom-je-to-mozne\/","og_locale":"sk_SK","og_type":"article","og_title":"Podtlakov\u00e9 vetranie spolu s krbom \u2013 je to mo\u017en\u00e9? - Lunos Slovensko","og_description":"[vc_row][vc_column][\/vc_column][\/vc_row]","og_url":"https:\/\/lunos.sk\/public_html\/2018\/03\/13\/podtlakove-vetranie-spolu-s-krbom-je-to-mozne\/","og_site_name":"Lunos Slovensko","article_publisher":"https:\/\/www.facebook.com\/lunosslovensko","article_published_time":"2018-03-13T06:50:18+00:00","article_modified_time":"2024-12-06T12:17:58+00:00","og_image":[{"width":768,"height":1024,"url":"https:\/\/lunos.sk\/public_html\/wp-content\/uploads\/2021\/09\/ALD-Wohnraum-I-768x1024-1.jpg","type":"image\/jpeg"}],"author":"lunos","twitter_card":"summary_large_image","twitter_creator":"@lunos_slovensko","twitter_site":"@lunos_slovensko","twitter_misc":{"Autor":"lunos","Predpokladan\u00fd \u010das \u010d\u00edtania":"3 min\u00faty"},"schema":{"@context":"https:\/\/schema.org","@graph":[{"@type":"Article","@id":"https:\/\/lunos.sk\/public_html\/2018\/03\/13\/podtlakove-vetranie-spolu-s-krbom-je-to-mozne\/#article","isPartOf":{"@id":"https:\/\/lunos.sk\/public_html\/2018\/03\/13\/podtlakove-vetranie-spolu-s-krbom-je-to-mozne\/"},"author":{"name":"lunos","@id":"https:\/\/lunos.sk\/public_html\/#\/schema\/person\/78cf8132fac219ceee1d9cd161b064d5"},"headline":"Podtlakov\u00e9 vetranie spolu s krbom \u2013 je to mo\u017en\u00e9?","datePublished":"2018-03-13T06:50:18+00:00","dateModified":"2024-12-06T12:17:58+00:00","mainEntityOfPage":{"@id":"https:\/\/lunos.sk\/public_html\/2018\/03\/13\/podtlakove-vetranie-spolu-s-krbom-je-to-mozne\/"},"wordCount":563,"publisher":{"@id":"https:\/\/lunos.sk\/public_html\/#organization"},"image":{"@id":"https:\/\/lunos.sk\/public_html\/2018\/03\/13\/podtlakove-vetranie-spolu-s-krbom-je-to-mozne\/#primaryimage"},"thumbnailUrl":"https:\/\/lunos.sk\/public_html\/wp-content\/uploads\/2021\/09\/ALD-Wohnraum-I-768x1024-1.jpg","keywords":["Lunos","Podlak","Rekuper\u00e1cia","Vetranie"],"articleSection":["Nevetran\u00e9 priestory","Novinky","Orosen\u00e9 okn\u00e1","Plesne v byte"],"inLanguage":"sk-SK"},{"@type":"WebPage","@id":"https:\/\/lunos.sk\/public_html\/2018\/03\/13\/podtlakove-vetranie-spolu-s-krbom-je-to-mozne\/","url":"https:\/\/lunos.sk\/public_html\/2018\/03\/13\/podtlakove-vetranie-spolu-s-krbom-je-to-mozne\/","name":"Podtlakov\u00e9 vetranie spolu s krbom \u2013 je to mo\u017en\u00e9? - Lunos Slovensko","isPartOf":{"@id":"https:\/\/lunos.sk\/public_html\/#website"},"primaryImageOfPage":{"@id":"https:\/\/lunos.sk\/public_html\/2018\/03\/13\/podtlakove-vetranie-spolu-s-krbom-je-to-mozne\/#primaryimage"},"image":{"@id":"https:\/\/lunos.sk\/public_html\/2018\/03\/13\/podtlakove-vetranie-spolu-s-krbom-je-to-mozne\/#primaryimage"},"thumbnailUrl":"https:\/\/lunos.sk\/public_html\/wp-content\/uploads\/2021\/09\/ALD-Wohnraum-I-768x1024-1.jpg","datePublished":"2018-03-13T06:50:18+00:00","dateModified":"2024-12-06T12:17:58+00:00","breadcrumb":{"@id":"https:\/\/lunos.sk\/public_html\/2018\/03\/13\/podtlakove-vetranie-spolu-s-krbom-je-to-mozne\/#breadcrumb"},"inLanguage":"sk-SK","potentialAction":[{"@type":"ReadAction","target":["https:\/\/lunos.sk\/public_html\/2018\/03\/13\/podtlakove-vetranie-spolu-s-krbom-je-to-mozne\/"]}]},{"@type":"ImageObject","inLanguage":"sk-SK","@id":"https:\/\/lunos.sk\/public_html\/2018\/03\/13\/podtlakove-vetranie-spolu-s-krbom-je-to-mozne\/#primaryimage","url":"https:\/\/lunos.sk\/public_html\/wp-content\/uploads\/2021\/09\/ALD-Wohnraum-I-768x1024-1.jpg","contentUrl":"https:\/\/lunos.sk\/public_html\/wp-content\/uploads\/2021\/09\/ALD-Wohnraum-I-768x1024-1.jpg","width":768,"height":1024},{"@type":"BreadcrumbList","@id":"https:\/\/lunos.sk\/public_html\/2018\/03\/13\/podtlakove-vetranie-spolu-s-krbom-je-to-mozne\/#breadcrumb","itemListElement":[{"@type":"ListItem","position":1,"name":"Home","item":"https:\/\/lunos.sk\/public_html\/"},{"@type":"ListItem","position":2,"name":"Podtlakov\u00e9 vetranie spolu s krbom \u2013 je to mo\u017en\u00e9?"}]},{"@type":"WebSite","@id":"https:\/\/lunos.sk\/public_html\/#website","url":"https:\/\/lunos.sk\/public_html\/","name":"Lunos Slovensko","description":"","publisher":{"@id":"https:\/\/lunos.sk\/public_html\/#organization"},"potentialAction":[{"@type":"SearchAction","target":{"@type":"EntryPoint","urlTemplate":"https:\/\/lunos.sk\/public_html\/?s={search_term_string}"},"query-input":{"@type":"PropertyValueSpecification","valueRequired":true,"valueName":"search_term_string"}}],"inLanguage":"sk-SK"},{"@type":"Organization","@id":"https:\/\/lunos.sk\/public_html\/#organization","name":"Lunos","url":"https:\/\/lunos.sk\/public_html\/","logo":{"@type":"ImageObject","inLanguage":"sk-SK","@id":"https:\/\/lunos.sk\/public_html\/#\/schema\/logo\/image\/","url":"https:\/\/lunos.sk\/public_html\/wp-content\/uploads\/2021\/07\/logo-lunos.png","contentUrl":"https:\/\/lunos.sk\/public_html\/wp-content\/uploads\/2021\/07\/logo-lunos.png","width":200,"height":101,"caption":"Lunos"},"image":{"@id":"https:\/\/lunos.sk\/public_html\/#\/schema\/logo\/image\/"},"sameAs":["https:\/\/www.facebook.com\/lunosslovensko","https:\/\/x.com\/lunos_slovensko"]},{"@type":"Person","@id":"https:\/\/lunos.sk\/public_html\/#\/schema\/person\/78cf8132fac219ceee1d9cd161b064d5","name":"lunos","image":{"@type":"ImageObject","inLanguage":"sk-SK","@id":"https:\/\/secure.gravatar.com\/avatar\/3d27e2d8c0cba7e4815002925261ba482b74b0c62e73d4e697869dea6c35de44?s=96&d=mm&r=g","url":"https:\/\/secure.gravatar.com\/avatar\/3d27e2d8c0cba7e4815002925261ba482b74b0c62e73d4e697869dea6c35de44?s=96&d=mm&r=g","contentUrl":"https:\/\/secure.gravatar.com\/avatar\/3d27e2d8c0cba7e4815002925261ba482b74b0c62e73d4e697869dea6c35de44?s=96&d=mm&r=g","caption":"lunos"},"sameAs":["https:\/\/lunos.sk\/public_html"],"url":"https:\/\/lunos.sk\/public_html\/author\/lunos\/"}]}},"jetpack_featured_media_url":"https:\/\/lunos.sk\/public_html\/wp-content\/uploads\/2021\/09\/ALD-Wohnraum-I-768x1024-1.jpg","jetpack_sharing_enabled":true,"_links":{"self":[{"href":"https:\/\/lunos.sk\/public_html\/wp-json\/wp\/v2\/posts\/7830","targetHints":{"allow":["GET"]}}],"collection":[{"href":"https:\/\/lunos.sk\/public_html\/wp-json\/wp\/v2\/posts"}],"about":[{"href":"https:\/\/lunos.sk\/public_html\/wp-json\/wp\/v2\/types\/post"}],"author":[{"embeddable":true,"href":"https:\/\/lunos.sk\/public_html\/wp-json\/wp\/v2\/users\/1"}],"replies":[{"embeddable":true,"href":"https:\/\/lunos.sk\/public_html\/wp-json\/wp\/v2\/comments?post=7830"}],"version-history":[{"count":3,"href":"https:\/\/lunos.sk\/public_html\/wp-json\/wp\/v2\/posts\/7830\/revisions"}],"predecessor-version":[{"id":8922,"href":"https:\/\/lunos.sk\/public_html\/wp-json\/wp\/v2\/posts\/7830\/revisions\/8922"}],"wp:featuredmedia":[{"embeddable":true,"href":"https:\/\/lunos.sk\/public_html\/wp-json\/wp\/v2\/media\/7831"}],"wp:attachment":[{"href":"https:\/\/lunos.sk\/public_html\/wp-json\/wp\/v2\/media?parent=7830"}],"wp:term":[{"taxonomy":"category","embeddable":true,"href":"https:\/\/lunos.sk\/public_html\/wp-json\/wp\/v2\/categories?post=7830"},{"taxonomy":"post_tag","embeddable":true,"href":"https:\/\/lunos.sk\/public_html\/wp-json\/wp\/v2\/tags?post=7830"}],"curies":[{"name":"wp","href":"https:\/\/api.w.org\/{rel}","templated":true}]}}